{"id":224,"date":"2025-05-25T14:20:01","date_gmt":"2025-05-25T18:20:01","guid":{"rendered":"https:\/\/octavatarija.org\/?p=224"},"modified":"2025-05-25T14:23:03","modified_gmt":"2025-05-25T18:23:03","slug":"musica-por-la-paz","status":"publish","type":"post","link":"https:\/\/octavatarija.org\/?p=224","title":{"rendered":"\u201cM\u00fasica por la Paz\u201d"},"content":{"rendered":"\n<p><img loading=\"lazy\" decoding=\"async\" height=\"16\" width=\"16\" alt=\"\ud83c\udde7\ud83c\uddf4\" src=\"https:\/\/static.xx.fbcdn.net\/images\/emoji.php\/v9\/t86\/1\/16\/1f1e7_1f1f4.png\">Tarija, Bolivia<\/p>\n\n\n\n<p>\u201cM\u00fasica por la Paz\u201d: concierto en conmemoraci\u00f3n del 80 aniversario de la Victoria del pueblo sovi\u00e9tico en la Segunda Guerra Mundial.<\/p>\n\n\n\n<p>En la ciudad de Tarija se celebr\u00f3 el evento privado internacional \u201cM\u00fasica por la Paz\u201d, con motivo del 80 aniversario de la Victoria del pueblo sovi\u00e9tico en la Segunda Guerra Mundial. Asistieron invitados de Rusia, Bolivia, Francia, Alemania, Austria y B\u00e9lgica.<\/p>\n\n\n\n<p>Antes <a><\/a>del inicio del concierto, los participantes rindieron homenaje a los veteranos familiares de los invitados que actualmente residen en Tarija, con la colocaci\u00f3n de flores junto a sus im\u00e1genes. En el acto intervino Georg Kiechle, director general de Baham Promotion, empresa de marketing con sede en Panam\u00e1 y sucursal en Bolivia, quien comparti\u00f3 recuerdos sobre los horrores del conflicto y reflexion\u00f3 sobre las atrocidades del fascismo.<\/p>\n\n\n\n<p>La parte musical estuvo a cargo de la orquesta Octava de Tarija, que interpret\u00f3 obras de compositores cl\u00e1sicos rusos y alemanes, m\u00fasica tradicional tarije\u00f1a y la emblem\u00e1tica \u201cKalinka Malinka\u201d, aclamada por el p\u00fablico. Los directores del conjunto, Valentina Janco y Laurent Astruc, destacaron la importancia de la m\u00fasica como fuerza transformadora hacia una sociedad m\u00e1s justa e igualitaria.<\/p>\n\n\n\n<p>Mar\u00eda Borovik, directora general de la agencia de viajes Russ-Tico Travel Costa Rica &amp; Latin America, subray\u00f3 en su discurso el papel del arte y, en particular, de la m\u00fasica, en la formaci\u00f3n de las futuras generaciones y la uni\u00f3n entre los pueblos.<\/p>\n\n\n\n<p>Los invitados expresaron su sincero agradecimiento a los organizadores por la realizaci\u00f3n de este evento tan importante, que abord\u00f3 el tema de la lucha contra el fascismo, destacando la relevancia de preservar la memoria sobre los eventos de la Segunda Guerra Mundial para las futuras generaciones.<\/p>\n\n\n\n<p>El evento fue patrocinado por Russ-Tico Travel Costa Rica &amp; Latin America y Baham Promotion, y concluy\u00f3 con un elegante c\u00f3ctel con gastronom\u00eda rusa y francesa, acompa\u00f1ado de vinos tarije\u00f1os.<\/p>\n\n\n\n<figure class=\"wp-block-image size-full\"><img loading=\"lazy\" decoding=\"async\" width=\"1240\" height=\"1748\" src=\"http:\/\/octavatarija.org\/wp-content\/uploads\/2025\/05\/Invitacion-Vertical-Ciclo-Musical-Orquesta-Juvenil-Simple-Negro.jpg\" alt=\"\" class=\"wp-image-227\"\/><\/figure>\n\n\n\n<figure class=\"wp-block-gallery has-nested-images columns-default is-cropped wp-block-gallery-1 is-layout-flex wp-block-gallery-is-layout-flex\">\n<figure class=\"wp-block-image size-large\"><img loading=\"lazy\" decoding=\"async\" width=\"1280\" height=\"577\" data-id=\"234\" src=\"https:\/\/octavatarija.org\/wp-content\/uploads\/2025\/05\/photo_2025-05-25_14-14-37.jpg\" alt=\"\" class=\"wp-image-234\"\/><\/figure>\n\n\n\n<figure class=\"wp-block-image size-large\"><img loading=\"lazy\" decoding=\"async\" width=\"1280\" height=\"720\" data-id=\"233\" src=\"https:\/\/octavatarija.org\/wp-content\/uploads\/2025\/05\/photo_2025-05-11_11-57-12.jpg\" alt=\"\" class=\"wp-image-233\"\/><\/figure>\n\n\n\n<figure class=\"wp-block-image size-large\"><img loading=\"lazy\" decoding=\"async\" width=\"1280\" height=\"576\" data-id=\"232\" src=\"https:\/\/octavatarija.org\/wp-content\/uploads\/2025\/05\/photo_2025-05-11_11-57-12-2.jpg\" alt=\"\" class=\"wp-image-232\"\/><\/figure>\n\n\n\n<figure class=\"wp-block-image size-large\"><img loading=\"lazy\" decoding=\"async\" width=\"1280\" height=\"577\" data-id=\"231\" src=\"https:\/\/octavatarija.org\/wp-content\/uploads\/2025\/05\/photo_2025-05-25_14-14-33.jpg\" alt=\"\" class=\"wp-image-231\"\/><\/figure>\n\n\n\n<figure class=\"wp-block-image size-large\"><img loading=\"lazy\" decoding=\"async\" width=\"1280\" height=\"577\" data-id=\"230\" src=\"https:\/\/octavatarija.org\/wp-content\/uploads\/2025\/05\/photo_2025-05-25_14-14-32.jpg\" alt=\"\" class=\"wp-image-230\"\/><\/figure>\n\n\n\n<figure class=\"wp-block-image size-large\"><img loading=\"lazy\" decoding=\"async\" width=\"1280\" height=\"720\" data-id=\"229\" src=\"https:\/\/octavatarija.org\/wp-content\/uploads\/2025\/05\/photo_2025-05-25_14-14-35.jpg\" alt=\"\" class=\"wp-image-229\"\/><\/figure>\n\n\n\n<figure class=\"wp-block-image size-large\"><img loading=\"lazy\" decoding=\"async\" width=\"1280\" height=\"577\" data-id=\"225\" src=\"https:\/\/octavatarija.org\/wp-content\/uploads\/2025\/05\/photo_2025-05-11_11-57-04.jpg\" alt=\"\" class=\"wp-image-225\"\/><\/figure>\n<\/figure>\n","protected":false},"excerpt":{"rendered":"<p>Tarija, Bolivia \u201cM\u00fasica por la Paz\u201d: concierto en conmemoraci\u00f3n del 80 aniversario de la Victoria del pueblo sovi\u00e9tico en la Segunda Guerra Mundial. En la ciudad de Tarija se celebr\u00f3 el evento privado internacional \u201cM\u00fasica por la Paz\u201d, con motivo del 80 aniversario de la Victoria del pueblo sovi\u00e9tico en la Segunda Guerra Mundial. Asistieron [&hellip;]<\/p>\n","protected":false},"author":1,"featured_media":225,"comment_status":"open","ping_status":"open","sticky":false,"template":"","format":"standard","meta":{"pgc_sgb_lightbox_settings":"","footnotes":""},"categories":[8],"tags":[],"class_list":["post-224","post","type-post","status-publish","format-standard","has-post-thumbnail","hentry","category-eventos-pasados"],"blocksy_meta":[],"_links":{"self":[{"href":"https:\/\/octavatarija.org\/index.php?rest_route=\/wp\/v2\/posts\/224","targetHints":{"allow":["GET"]}}],"collection":[{"href":"https:\/\/octavatarija.org\/index.php?rest_route=\/wp\/v2\/posts"}],"about":[{"href":"https:\/\/octavatarija.org\/index.php?rest_route=\/wp\/v2\/types\/post"}],"author":[{"embeddable":true,"href":"https:\/\/octavatarija.org\/index.php?rest_route=\/wp\/v2\/users\/1"}],"replies":[{"embeddable":true,"href":"https:\/\/octavatarija.org\/index.php?rest_route=%2Fwp%2Fv2%2Fcomments&post=224"}],"version-history":[{"count":3,"href":"https:\/\/octavatarija.org\/index.php?rest_route=\/wp\/v2\/posts\/224\/revisions"}],"predecessor-version":[{"id":235,"href":"https:\/\/octavatarija.org\/index.php?rest_route=\/wp\/v2\/posts\/224\/revisions\/235"}],"wp:featuredmedia":[{"embeddable":true,"href":"https:\/\/octavatarija.org\/index.php?rest_route=\/wp\/v2\/media\/225"}],"wp:attachment":[{"href":"https:\/\/octavatarija.org\/index.php?rest_route=%2Fwp%2Fv2%2Fmedia&parent=224"}],"wp:term":[{"taxonomy":"category","embeddable":true,"href":"https:\/\/octavatarija.org\/index.php?rest_route=%2Fwp%2Fv2%2Fcategories&post=224"},{"taxonomy":"post_tag","embeddable":true,"href":"https:\/\/octavatarija.org\/index.php?rest_route=%2Fwp%2Fv2%2Ftags&post=224"}],"curies":[{"name":"wp","href":"https:\/\/api.w.org\/{rel}","templated":true}]}}