{"id":236,"date":"2025-05-25T14:31:03","date_gmt":"2025-05-25T18:31:03","guid":{"rendered":"https:\/\/octavatarija.org\/?p=236"},"modified":"2025-08-24T17:34:07","modified_gmt":"2025-08-24T21:34:07","slug":"concierto-de-temporada-de-la-orquesta-academica-de-tarija-una-noche-de-emocion-y-excelencia-musical-en-la-casa-dorada","status":"publish","type":"post","link":"https:\/\/octavatarija.org\/?p=236","title":{"rendered":"Concierto de Temporada de la Orquesta Acad\u00e9mica de Tarija: Una Noche de Emoci\u00f3n y Excelencia Musical en la Casa Dorada"},"content":{"rendered":"\n<p><img loading=\"lazy\" decoding=\"async\" height=\"16\" width=\"16\" alt=\"\ud83c\udfdb\ufe0f\" src=\"https:\/\/static.xx.fbcdn.net\/images\/emoji.php\/v9\/t89\/1\/16\/1f3db.png\">El lunes 19 de mayo, el emblem\u00e1tico Teatro de la Casa Dorada de Tarija fue escenario de un memorable Concierto de Temporada, protagonizado por la Orquesta Acad\u00e9mica de Tarija, con la destacada participaci\u00f3n de la Orquesta Infantil y la Orquesta Camerata. El evento, organizado por la Fundaci\u00f3n Musical Octava, fue una verdadera celebraci\u00f3n del talento joven y<a><\/a> de la riqueza musical que se cultiva en la regi\u00f3n.<\/p>\n\n\n\n<p><img loading=\"lazy\" decoding=\"async\" height=\"16\" width=\"16\" alt=\"\ud83c\udfb6\" src=\"https:\/\/static.xx.fbcdn.net\/images\/emoji.php\/v9\/t1f\/1\/16\/1f3b6.png\">Un recorrido sonoro por grandes maestros<\/p>\n\n\n\n<p>Durante la velada, el p\u00fablico disfrut\u00f3 de un repertorio cuidadosamente seleccionado, con obras de renombrados compositores como Piotr Ilich Tchaikovsky, Ludwig van Beethoven, Halfdan Kjerulf, Antonio Vivaldi, Georges Bizet y Modest M\u00fasorgski, entre otros. Cada interpretaci\u00f3n fue recibida con calurosos aplausos, destacando la calidad t\u00e9cnica, la sensibilidad art\u00edstica y el compromiso de los j\u00f3venes m\u00fasicos.<\/p>\n\n\n\n<p><img loading=\"lazy\" decoding=\"async\" height=\"16\" width=\"16\" alt=\"\ud83c\udfb5\" src=\"https:\/\/static.xx.fbcdn.net\/images\/emoji.php\/v9\/t9e\/1\/16\/1f3b5.png\">La m\u00fasica como herramienta de transformaci\u00f3n social<\/p>\n\n\n\n<p>La Fundaci\u00f3n Musical Octava desarrolla actividades culturales con el objetivo de contribuir al mejoramiento de la vida de ni\u00f1os, j\u00f3venes y adultos de Tarija, a trav\u00e9s de la pr\u00e1ctica colectiva e individual de la m\u00fasica dentro de una orquesta sinf\u00f3nica. Esta iniciativa ha logrado consolidar un espacio inclusivo y formativo, donde la m\u00fasica se convierte en una poderosa herramienta de transformaci\u00f3n social.<\/p>\n\n\n\n<p>M\u00e1s all\u00e1 de la excelencia art\u00edstica, Octava promueve valores fundamentales como la disciplina, la responsabilidad, la cooperaci\u00f3n y la sensibilidad social, fortaleciendo a la vez el ecosistema cultural de Tarija.<\/p>\n\n\n\n<p>Programas que construyen comunidad<\/p>\n\n\n\n<p><img loading=\"lazy\" decoding=\"async\" height=\"16\" width=\"16\" alt=\"\ud83d\udea9\" src=\"https:\/\/static.xx.fbcdn.net\/images\/emoji.php\/v9\/tc6\/1\/16\/1f6a9.png\">Actualmente, la Fundaci\u00f3n cuenta con una amplia oferta de programas que abarcan distintas etapas de formaci\u00f3n y p\u00fablicos:<\/p>\n\n\n\n<p><img loading=\"lazy\" decoding=\"async\" height=\"16\" width=\"16\" alt=\"\u2714\ufe0f\" src=\"https:\/\/static.xx.fbcdn.net\/images\/emoji.php\/v9\/t51\/1\/16\/2714.png\">Despertar Musical<\/p>\n\n\n\n<p><img loading=\"lazy\" decoding=\"async\" height=\"16\" width=\"16\" alt=\"\u2714\ufe0f\" src=\"https:\/\/static.xx.fbcdn.net\/images\/emoji.php\/v9\/t51\/1\/16\/2714.png\">Iniciaci\u00f3n Musical<\/p>\n\n\n\n<p><img loading=\"lazy\" decoding=\"async\" height=\"16\" width=\"16\" alt=\"\u2714\ufe0f\" src=\"https:\/\/static.xx.fbcdn.net\/images\/emoji.php\/v9\/t51\/1\/16\/2714.png\">Orquesta Infantil<\/p>\n\n\n\n<p><img loading=\"lazy\" decoding=\"async\" height=\"16\" width=\"16\" alt=\"\u2714\ufe0f\" src=\"https:\/\/static.xx.fbcdn.net\/images\/emoji.php\/v9\/t51\/1\/16\/2714.png\">Orquesta Acad\u00e9mica (en colaboraci\u00f3n con la Fundaci\u00f3n Musical Bravura)<\/p>\n\n\n\n<p><img loading=\"lazy\" decoding=\"async\" height=\"16\" width=\"16\" alt=\"\u2714\ufe0f\" src=\"https:\/\/static.xx.fbcdn.net\/images\/emoji.php\/v9\/t51\/1\/16\/2714.png\">Orquesta Camerata<\/p>\n\n\n\n<p><img loading=\"lazy\" decoding=\"async\" height=\"16\" width=\"16\" alt=\"\u2714\ufe0f\" src=\"https:\/\/static.xx.fbcdn.net\/images\/emoji.php\/v9\/t51\/1\/16\/2714.png\">Sal\u00f3n de M\u00fasica<\/p>\n\n\n\n<p><img loading=\"lazy\" decoding=\"async\" height=\"16\" width=\"16\" alt=\"\u2714\ufe0f\" src=\"https:\/\/static.xx.fbcdn.net\/images\/emoji.php\/v9\/t51\/1\/16\/2714.png\">Clases para Adultos<\/p>\n\n\n\n<p>Este concierto no solo fue una muestra de talento, sino tambi\u00e9n un reflejo del impacto positivo que la m\u00fasica puede tener en la sociedad cuando se la impulsa con pasi\u00f3n, visi\u00f3n y compromiso.<\/p>\n\n\n\n<figure class=\"wp-block-image size-full\"><img loading=\"lazy\" decoding=\"async\" width=\"1152\" height=\"1440\" src=\"http:\/\/octavatarija.org\/wp-content\/uploads\/2025\/05\/497709482_703545905561526_890634995461944361_n.jpg\" alt=\"\" class=\"wp-image-238\"\/><\/figure>\n\n\n\n<figure class=\"wp-block-gallery has-nested-images columns-default is-cropped wp-block-gallery-1 is-layout-flex wp-block-gallery-is-layout-flex\">\n<figure class=\"wp-block-image size-large\"><img loading=\"lazy\" decoding=\"async\" width=\"1000\" height=\"750\" data-id=\"239\" src=\"https:\/\/octavatarija.org\/wp-content\/uploads\/2025\/05\/499934979_1052929563649323_3669493269723955006_n.jpg\" alt=\"\" class=\"wp-image-239\"\/><\/figure>\n\n\n\n<figure class=\"wp-block-image size-large\"><img loading=\"lazy\" decoding=\"async\" width=\"1920\" height=\"1080\" data-id=\"240\" src=\"https:\/\/octavatarija.org\/wp-content\/uploads\/2025\/05\/498547658_1052930043649275_1462895778922819768_n-1.jpg\" alt=\"\" class=\"wp-image-240\"\/><\/figure>\n\n\n\n<figure class=\"wp-block-image size-large\"><img loading=\"lazy\" decoding=\"async\" width=\"2048\" height=\"1536\" data-id=\"241\" src=\"https:\/\/octavatarija.org\/wp-content\/uploads\/2025\/05\/498591360_1052930030315943_3149764820787431387_n.jpg\" alt=\"\" class=\"wp-image-241\"\/><\/figure>\n\n\n\n<figure class=\"wp-block-image size-large\"><img loading=\"lazy\" decoding=\"async\" width=\"1920\" height=\"1080\" data-id=\"242\" src=\"https:\/\/octavatarija.org\/wp-content\/uploads\/2025\/05\/498919351_1052929980315948_7974657491591594251_n.jpg\" alt=\"\" class=\"wp-image-242\"\/><\/figure>\n\n\n\n<figure class=\"wp-block-image size-large\"><img loading=\"lazy\" decoding=\"async\" width=\"2048\" height=\"1536\" data-id=\"243\" src=\"https:\/\/octavatarija.org\/wp-content\/uploads\/2025\/05\/498325388_1052929943649285_2051166000507928071_n.jpg\" alt=\"\" class=\"wp-image-243\"\/><\/figure>\n<\/figure>\n\n\n\n<figure class=\"wp-block-image aligncenter size-full\"><img loading=\"lazy\" decoding=\"async\" width=\"1100\" height=\"1615\" src=\"http:\/\/octavatarija.org\/wp-content\/uploads\/2025\/05\/499928245_1052931566982456_4258532593248160936_n.jpg\" alt=\"\" class=\"wp-image-244\"\/><\/figure>\n\n\n\n<figure class=\"wp-block-embed is-type-video is-provider-youtube wp-block-embed-youtube wp-embed-aspect-16-9 wp-has-aspect-ratio\"><div class=\"wp-block-embed__wrapper\">\n<iframe loading=\"lazy\" title=\"Fundaci\u00f3n Musical Octava de Tarija. Suite Carmen G.Bizet.\" width=\"1778\" height=\"1000\" src=\"https:\/\/www.youtube.com\/embed\/Dy1zTBjKh3g?feature=oembed\" frameborder=\"0\" allow=\"accelerometer; autoplay; clipboard-write; encrypted-media; gyroscope; picture-in-picture; web-share\" referrerpolicy=\"strict-origin-when-cross-origin\" allowfullscreen><\/iframe>\n<\/div><\/figure>\n","protected":false},"excerpt":{"rendered":"<p>El lunes 19 de mayo, el emblem\u00e1tico Teatro de la Casa Dorada de Tarija fue escenario de un memorable Concierto de Temporada, protagonizado por la Orquesta Acad\u00e9mica de Tarija, con la destacada participaci\u00f3n de la Orquesta Infantil y la Orquesta Camerata. El evento, organizado por la Fundaci\u00f3n Musical Octava, fue una verdadera celebraci\u00f3n del talento [&hellip;]<\/p>\n","protected":false},"author":1,"featured_media":237,"comment_status":"open","ping_status":"open","sticky":false,"template":"","format":"standard","meta":{"pgc_sgb_lightbox_settings":"","footnotes":""},"categories":[8],"tags":[],"class_list":["post-236","post","type-post","status-publish","format-standard","has-post-thumbnail","hentry","category-eventos-pasados"],"blocksy_meta":[],"_links":{"self":[{"href":"https:\/\/octavatarija.org\/index.php?rest_route=\/wp\/v2\/posts\/236","targetHints":{"allow":["GET"]}}],"collection":[{"href":"https:\/\/octavatarija.org\/index.php?rest_route=\/wp\/v2\/posts"}],"about":[{"href":"https:\/\/octavatarija.org\/index.php?rest_route=\/wp\/v2\/types\/post"}],"author":[{"embeddable":true,"href":"https:\/\/octavatarija.org\/index.php?rest_route=\/wp\/v2\/users\/1"}],"replies":[{"embeddable":true,"href":"https:\/\/octavatarija.org\/index.php?rest_route=%2Fwp%2Fv2%2Fcomments&post=236"}],"version-history":[{"count":2,"href":"https:\/\/octavatarija.org\/index.php?rest_route=\/wp\/v2\/posts\/236\/revisions"}],"predecessor-version":[{"id":347,"href":"https:\/\/octavatarija.org\/index.php?rest_route=\/wp\/v2\/posts\/236\/revisions\/347"}],"wp:featuredmedia":[{"embeddable":true,"href":"https:\/\/octavatarija.org\/index.php?rest_route=\/wp\/v2\/media\/237"}],"wp:attachment":[{"href":"https:\/\/octavatarija.org\/index.php?rest_route=%2Fwp%2Fv2%2Fmedia&parent=236"}],"wp:term":[{"taxonomy":"category","embeddable":true,"href":"https:\/\/octavatarija.org\/index.php?rest_route=%2Fwp%2Fv2%2Fcategories&post=236"},{"taxonomy":"post_tag","embeddable":true,"href":"https:\/\/octavatarija.org\/index.php?rest_route=%2Fwp%2Fv2%2Ftags&post=236"}],"curies":[{"name":"wp","href":"https:\/\/api.w.org\/{rel}","templated":true}]}}