{"id":246,"date":"2025-05-25T15:03:09","date_gmt":"2025-05-25T19:03:09","guid":{"rendered":"https:\/\/octavatarija.org\/?p=246"},"modified":"2025-05-25T15:03:09","modified_gmt":"2025-05-25T19:03:09","slug":"valentina-janco-la-joven-violinista-que-trabaja-para-sacar-adelante-la-musica-clasica-en-tarija","status":"publish","type":"post","link":"https:\/\/octavatarija.org\/?p=246","title":{"rendered":"Valentina Janco la joven violinista que trabaja para sacar adelante la m\u00fasica cl\u00e1sica en Tarija"},"content":{"rendered":"\n<p>Por <a href=\"https:\/\/lavozdetarija.com\/author\/lavozdetarija\/\">La Voz de Tarija<\/a><\/p>\n\n\n\n<p>16\/09\/2017 &#8211; 19:27<\/p>\n\n\n\n<p>Valentina Janco Aguirre una j\u00f3ven tarije\u00f1a de 22 a\u00f1os que cursa el quinto a\u00f1o de ingenier\u00eda en Redes y Telecomunicaciones en la universidad Domingo Savio, es una violinista cl\u00e1sica que se dedic\u00f3 desde hace<strong> m\u00e1s de 10 a\u00f1os,<\/strong> con dos diplomados en m\u00fasica y la capacidad de dictar clases a nuevos exponentes, es una joven promesa para seguir manteniendo viva la m\u00fasica cl\u00e1sica en Tarija.<\/p>\n\n\n\n<p>Un primo fue quien le aconsejo aprender viol\u00edn en un instituto donde aprendi\u00f3 del profesor Franz Condori ese mismo profesor la ha invitado, tras 3 a\u00f1os de aprendizaje, a ser parte de la <strong>Sinf\u00f3nica Departamental<\/strong> que en ese momento reci\u00e9n se abr\u00eda, en ese momento iniciaba la ahora profesional en m\u00fasica.<\/p>\n\n\n\n<p>En esa misma orquesta ha conocido a el director de la Filarm\u00f3nica de Bolivia quien la invit\u00f3 a ser parte de la misma, invitaci\u00f3n que Valentina acept\u00f3 muy feliz. Esto le abri\u00f3 una gran puerta en su formaci\u00f3n musical ya que la fundaci\u00f3n de esta orquesta le ha dado una beca a <strong>Medellin Colombia en una academia Iberoamericana<\/strong> de m\u00fasica donde ha hecho un diplomado en instrumento y ahora esta haciendo un diplomado de direcci\u00f3n orquestal.<\/p>\n\n\n\n<p>El reto de la orquesta, Valentina lo ha sabido manejar, ya que es un trabajo en equipo en todos los niveles, si bien cuando est\u00e1n tocando y uno se equivoca puede pasar desapercibido pero en lo que respecta a ensayos, nivelaci\u00f3n, presencia en los ensayos,<strong> sincronizaci\u00f3n grupal es muy exigente.&nbsp;<\/strong><\/p>\n\n\n\n<p>Adem\u00e1s ha admitido que antes de ser solista prefiere ser parte de una<strong> orquesta ya que se siente en familia<\/strong> ligada bajo la misma pasi\u00f3n.<\/p>\n\n\n\n<p>Pero que hay de la m\u00fasica folcl\u00f3rica, sin desmerecerla Valentina nota que existe mucha m\u00e1s cabida para este tipo de m\u00fasica que para la cl\u00e1sica,<strong> ya que por desconocimiento o falta de inter\u00e9s<\/strong> las personas se pierden de grandes conciertos de j\u00f3venes tarije\u00f1os, incluso cuando estos tocan arreglos de m\u00fasica chapaca.<\/p>\n\n\n\n<p>\u201cNo ha habido mucho incentivo a esta rama musical la gente no conoce o<strong> piensan que es aburrido<\/strong>, esto cultural y por desconocimiento, hay muchas trabas para los artistas\u201d.<\/p>\n\n\n\n<p>En Medellin la artista ha conocido otra realidad donde a quedado asombrada por el nivel musical de los j\u00f3venes y tambi\u00e9n de la importancia que se le da a esta rama musical.<\/p>\n\n\n\n<p>Valentina ha dicho que en Medellin la gente es muy c\u00e1lida, atenta, alegre y el nivel musical es incre\u00edble. \u201cEs como estar con m\u00fasicos europeos <strong>tienen grandes conservatorios,<\/strong> tienen maestros que llegan de todos lados, los mismos j\u00f3venes aveces vienen a darnos clases en la Filarm\u00f3nica\u201d.<\/p>\n\n\n\n<p>Ahora la joven se dedica a dar clases en la la sinf\u00f3nica departamental desde hace unos meses y adem\u00e1s dirige una academia en conjunto con el profesor &nbsp;<strong>Laurent Astruc<\/strong> denominada la <strong>orquesta Acad\u00e9mica de Tarija<\/strong>, justamente el lunes de la anterior semana dieron su primer concierto que muchos calificaron de excelente, magn\u00edfico entre otros calificativos que llegaron a La Voz de Tarija.<\/p>\n\n\n\n<p>El objetivo de esta academia es inculcar en los j\u00f3venes no solo conocimientos m\u00fasicales sino darles una formaci\u00f3n moral, de valores y <strong>hacer crecer su pasi\u00f3n por la m\u00fasica<\/strong>, as\u00ed alejarlos de los vicios y las cosas malas que gu\u00edan a la juventud hoy en d\u00eda, Valentina con mucha ilusi\u00f3n cree fervientemente que sus alumnos lograr\u00e1n grandes cosas y becas al exterior, tambi\u00e9n ha aprovechado para darle recomendaciones a los j\u00f3venes que gusten del viol\u00edn.<\/p>\n\n\n\n<p>\u201cEn nuestra ciudad no es ta tan desarrollado sobre todo el tema cl\u00e1sico es muy fuerte el folclore, <strong>hay que ser perseverante,<\/strong> ponerse metas a corto y largo plazo y buscar hasta conseguirlas\u201d<\/p>\n\n\n\n<p>Algo que recuerda con mucho cari\u00f1o es cuando se encontraba grabando con la sinf\u00f3nica en un estudio de grabaci\u00f3n profesional, deb\u00edan tocar una pieza de aproximadamente una hora todos estaban nerviosos y hab\u00edan pasado horas intentado grabar la pieza sin errores, cuando en un momento uno de los j\u00f3venes al mover una hoja hace caer <strong>\u201ctodas las hojas que hab\u00eda tocado en su vida\u201d<\/strong> pero en lugar de levantar la molestia de sus amigos pues solo estallo carcajadas que Valentina no puede olvidar.<\/p>\n\n\n\n<p>Espera con mucha esperanza que la poblaci\u00f3n tarije\u00f1a cambie de pensar y pueda darle la cabida a la m\u00fasica cl\u00e1sica ya que en la actualidad, no han sentido el apoyo, esperan como todos los artistas poder vivir de su pasi\u00f3n, de su arte pero necesitan que <strong>las personas empiecen a darle su espacio a este gran esfuerzo.<\/strong><\/p>\n\n\n\n<figure class=\"wp-block-image size-full\"><img loading=\"lazy\" decoding=\"async\" width=\"768\" height=\"1152\" src=\"http:\/\/octavatarija.org\/wp-content\/uploads\/2025\/05\/464826313_8668954016517493_6910395662223534154_n.jpg\" alt=\"\" class=\"wp-image-248\"\/><\/figure>\n","protected":false},"excerpt":{"rendered":"<p>Por La Voz de Tarija 16\/09\/2017 &#8211; 19:27 Valentina Janco Aguirre una j\u00f3ven tarije\u00f1a de 22 a\u00f1os que cursa el quinto a\u00f1o de ingenier\u00eda en Redes y Telecomunicaciones en la universidad Domingo Savio, es una violinista cl\u00e1sica que se dedic\u00f3 desde hace m\u00e1s de 10 a\u00f1os, con dos diplomados en m\u00fasica y la capacidad de [&hellip;]<\/p>\n","protected":false},"author":1,"featured_media":247,"comment_status":"open","ping_status":"open","sticky":false,"template":"","format":"standard","meta":{"pgc_sgb_lightbox_settings":"","footnotes":""},"categories":[6],"tags":[],"class_list":["post-246","post","type-post","status-publish","format-standard","has-post-thumbnail","hentry","category-blog"],"blocksy_meta":[],"_links":{"self":[{"href":"https:\/\/octavatarija.org\/index.php?rest_route=\/wp\/v2\/posts\/246","targetHints":{"allow":["GET"]}}],"collection":[{"href":"https:\/\/octavatarija.org\/index.php?rest_route=\/wp\/v2\/posts"}],"about":[{"href":"https:\/\/octavatarija.org\/index.php?rest_route=\/wp\/v2\/types\/post"}],"author":[{"embeddable":true,"href":"https:\/\/octavatarija.org\/index.php?rest_route=\/wp\/v2\/users\/1"}],"replies":[{"embeddable":true,"href":"https:\/\/octavatarija.org\/index.php?rest_route=%2Fwp%2Fv2%2Fcomments&post=246"}],"version-history":[{"count":1,"href":"https:\/\/octavatarija.org\/index.php?rest_route=\/wp\/v2\/posts\/246\/revisions"}],"predecessor-version":[{"id":249,"href":"https:\/\/octavatarija.org\/index.php?rest_route=\/wp\/v2\/posts\/246\/revisions\/249"}],"wp:featuredmedia":[{"embeddable":true,"href":"https:\/\/octavatarija.org\/index.php?rest_route=\/wp\/v2\/media\/247"}],"wp:attachment":[{"href":"https:\/\/octavatarija.org\/index.php?rest_route=%2Fwp%2Fv2%2Fmedia&parent=246"}],"wp:term":[{"taxonomy":"category","embeddable":true,"href":"https:\/\/octavatarija.org\/index.php?rest_route=%2Fwp%2Fv2%2Fcategories&post=246"},{"taxonomy":"post_tag","embeddable":true,"href":"https:\/\/octavatarija.org\/index.php?rest_route=%2Fwp%2Fv2%2Ftags&post=246"}],"curies":[{"name":"wp","href":"https:\/\/api.w.org\/{rel}","templated":true}]}}