{"id":283,"date":"2025-06-30T12:24:02","date_gmt":"2025-06-30T16:24:02","guid":{"rendered":"https:\/\/octavatarija.org\/?p=283"},"modified":"2025-07-29T15:52:18","modified_gmt":"2025-07-29T19:52:18","slug":"%f0%9f%8e%b5-la-musica-clasica-y-su-poder-terapeutico-armonia-para-el-cuerpo-y-el-alma","status":"publish","type":"post","link":"https:\/\/octavatarija.org\/?p=283","title":{"rendered":"\ud83c\udfb5 La m\u00fasica cl\u00e1sica y su poder terap\u00e9utico: armon\u00eda para el cuerpo y el alma"},"content":{"rendered":"\n<p>Vivimos en un mundo cada vez m\u00e1s acelerado, ruidoso y exigente. El estr\u00e9s, la ansiedad, la fatiga y los trastornos emocionales forman parte de la rutina de millones de personas. Sin embargo, existe un recurso poderoso, antiguo y accesible que puede ayudarnos a recuperar el equilibrio interior: <strong>la m\u00fasica cl\u00e1sica<\/strong>.<\/p>\n\n\n\n<p>M\u00e1s all\u00e1 de su belleza art\u00edstica, la m\u00fasica cl\u00e1sica tiene efectos reales sobre nuestro organismo y nuestra mente. Numerosos estudios cient\u00edficos han demostrado su potencial <strong>terap\u00e9utico<\/strong>, no solo como acompa\u00f1amiento emocional, sino como herramienta activa para mejorar la salud mental, f\u00edsica y espiritual.<\/p>\n\n\n\n<h3 class=\"wp-block-heading\">\ud83c\udfbc \u00bfPor qu\u00e9 la m\u00fasica cl\u00e1sica?<\/h3>\n\n\n\n<p>La m\u00fasica cl\u00e1sica posee ciertas caracter\u00edsticas que la hacen especialmente apta para la relajaci\u00f3n, la introspecci\u00f3n y la sanaci\u00f3n:<\/p>\n\n\n\n<ul class=\"wp-block-list\">\n<li>Tiene <strong>estructuras arm\u00f3nicas<\/strong> y previsibles que favorecen la sensaci\u00f3n de orden.<\/li>\n\n\n\n<li>Sus melod\u00edas suelen ser <strong>lentas o moderadas<\/strong>, con tempos suaves que se sincronizan con el ritmo natural del cuerpo.<\/li>\n\n\n\n<li>Utiliza frecuencias y din\u00e1micas que no abruman al sistema nervioso, sino que lo <strong>calman y estabilizan<\/strong>.<\/li>\n\n\n\n<li>Estimula \u00e1reas del cerebro relacionadas con la <strong>memoria, la emoci\u00f3n y el lenguaje<\/strong>, reforzando conexiones neuronales.<\/li>\n<\/ul>\n\n\n\n<p>Adem\u00e1s, es una m\u00fasica que invita a la <strong>contemplaci\u00f3n<\/strong>. No exige atenci\u00f3n inmediata ni gratificaci\u00f3n r\u00e1pida, como otros g\u00e9neros contempor\u00e1neos. Nos gu\u00eda a un espacio m\u00e1s profundo, donde podemos pensar, sentir y simplemente <strong>ser<\/strong>.<\/p>\n\n\n\n<h3 class=\"wp-block-heading\">\ud83e\udde0 Beneficios comprobados por la ciencia<\/h3>\n\n\n\n<p>Estudios realizados por universidades de renombre como Harvard, Stanford o la Universidad de Helsinki han confirmado que la m\u00fasica cl\u00e1sica:<\/p>\n\n\n\n<ul class=\"wp-block-list\">\n<li><strong>Reduce el estr\u00e9s<\/strong>: Escuchar piezas de Mozart o Bach disminuye los niveles de cortisol, la hormona del estr\u00e9s.<\/li>\n\n\n\n<li><strong>Mejora la concentraci\u00f3n y la memoria<\/strong>: La llamada \u201cTeor\u00eda Mozart\u201d propone que ciertas composiciones pueden activar redes neuronales asociadas al razonamiento espacial y l\u00f3gico.<\/li>\n\n\n\n<li><strong>Favorece el sue\u00f1o<\/strong>: Escuchar m\u00fasica lenta y tranquila antes de dormir ayuda a conciliar el sue\u00f1o y mejora su calidad.<\/li>\n\n\n\n<li><strong>Aumenta la resiliencia emocional<\/strong>: La m\u00fasica cl\u00e1sica nos conecta con emociones profundas, permiti\u00e9ndonos procesarlas con mayor claridad.<\/li>\n\n\n\n<li><strong>Alivia el dolor f\u00edsico<\/strong>: En hospitales y cl\u00ednicas, se usa m\u00fasica cl\u00e1sica como parte de terapias paliativas o para reducir la percepci\u00f3n del dolor.<\/li>\n<\/ul>\n\n\n\n<p>Incluso en tratamientos para el Alzheimer o el Parkinson, la m\u00fasica cl\u00e1sica ha demostrado <strong>efectos positivos<\/strong> sobre la comunicaci\u00f3n, la movilidad y el estado de \u00e1nimo de los pacientes.<\/p>\n\n\n\n<h3 class=\"wp-block-heading\">\u2764\ufe0f M\u00e1s all\u00e1 de lo cl\u00ednico: sanaci\u00f3n espiritual<\/h3>\n\n\n\n<p>La m\u00fasica cl\u00e1sica no solo act\u00faa sobre lo biol\u00f3gico. Muchas personas describen una <strong>sensaci\u00f3n de trascendencia<\/strong> al escuchar una sinfon\u00eda de Beethoven, una misa de Mozart o un adagio de Albinoni. Esa experiencia espiritual, dif\u00edcil de explicar pero imposible de negar, es tambi\u00e9n parte del proceso terap\u00e9utico.<\/p>\n\n\n\n<p>Escuchar m\u00fasica cl\u00e1sica nos recuerda que existe la <strong>belleza, la armon\u00eda y la profundidad<\/strong>, aun en medio del caos. Nos invita a respirar, a mirar hacia dentro y a reconectar con lo esencial.<\/p>\n\n\n\n<h3 class=\"wp-block-heading\">\ud83c\udfa7 \u00bfC\u00f3mo aprovecharla?<\/h3>\n\n\n\n<ul class=\"wp-block-list\">\n<li>Escucha m\u00fasica cl\u00e1sica en momentos de calma: al despertar, antes de dormir o durante una caminata.<\/li>\n\n\n\n<li>Elige obras suaves para relajarte (Debussy, Satie, Chopin) o m\u00e1s din\u00e1micas para inspirarte (Tchaikovsky, Vivaldi, Beethoven).<\/li>\n\n\n\n<li>Cierra los ojos, respira profundo y <strong>d\u00e9jate llevar<\/strong> por la m\u00fasica sin juzgarla ni analizarla.<\/li>\n<\/ul>\n\n\n\n<h3 class=\"wp-block-heading\">\ud83c\udfbb Fundaci\u00f3n Octava: cuando la m\u00fasica tambi\u00e9n cura<\/h3>\n\n\n\n<p>Desde la <strong>Fundaci\u00f3n Octava<\/strong>, creemos firmemente que la m\u00fasica cl\u00e1sica no es solo una forma de arte: es una manera de sanar, acompa\u00f1ar, reconectar. Por eso, cada concierto, cada proyecto educativo, cada programa social, es tambi\u00e9n una invitaci\u00f3n a experimentar la fuerza terap\u00e9utica de la m\u00fasica.<\/p>\n\n\n\n<hr class=\"wp-block-separator has-alpha-channel-opacity\"\/>\n\n\n\n<p><strong>La m\u00fasica no solo se escucha: se siente, se vive y, a veces, tambi\u00e9n\u2026 se cura con ella.<\/strong><\/p>\n\n\n\n<hr class=\"wp-block-separator has-alpha-channel-opacity\"\/>\n","protected":false},"excerpt":{"rendered":"<p>Vivimos en un mundo cada vez m\u00e1s acelerado, ruidoso y exigente. El estr\u00e9s, la ansiedad, la fatiga y los trastornos emocionales forman parte de la rutina de millones de personas. Sin embargo, existe un recurso poderoso, antiguo y accesible que puede ayudarnos a recuperar el equilibrio interior: la m\u00fasica cl\u00e1sica. M\u00e1s all\u00e1 de su belleza [&hellip;]<\/p>\n","protected":false},"author":1,"featured_media":284,"comment_status":"closed","ping_status":"open","sticky":false,"template":"","format":"standard","meta":{"pgc_sgb_lightbox_settings":"","footnotes":""},"categories":[6],"tags":[],"class_list":["post-283","post","type-post","status-publish","format-standard","has-post-thumbnail","hentry","category-blog"],"blocksy_meta":[],"_links":{"self":[{"href":"https:\/\/octavatarija.org\/index.php?rest_route=\/wp\/v2\/posts\/283","targetHints":{"allow":["GET"]}}],"collection":[{"href":"https:\/\/octavatarija.org\/index.php?rest_route=\/wp\/v2\/posts"}],"about":[{"href":"https:\/\/octavatarija.org\/index.php?rest_route=\/wp\/v2\/types\/post"}],"author":[{"embeddable":true,"href":"https:\/\/octavatarija.org\/index.php?rest_route=\/wp\/v2\/users\/1"}],"replies":[{"embeddable":true,"href":"https:\/\/octavatarija.org\/index.php?rest_route=%2Fwp%2Fv2%2Fcomments&post=283"}],"version-history":[{"count":2,"href":"https:\/\/octavatarija.org\/index.php?rest_route=\/wp\/v2\/posts\/283\/revisions"}],"predecessor-version":[{"id":305,"href":"https:\/\/octavatarija.org\/index.php?rest_route=\/wp\/v2\/posts\/283\/revisions\/305"}],"wp:featuredmedia":[{"embeddable":true,"href":"https:\/\/octavatarija.org\/index.php?rest_route=\/wp\/v2\/media\/284"}],"wp:attachment":[{"href":"https:\/\/octavatarija.org\/index.php?rest_route=%2Fwp%2Fv2%2Fmedia&parent=283"}],"wp:term":[{"taxonomy":"category","embeddable":true,"href":"https:\/\/octavatarija.org\/index.php?rest_route=%2Fwp%2Fv2%2Fcategories&post=283"},{"taxonomy":"post_tag","embeddable":true,"href":"https:\/\/octavatarija.org\/index.php?rest_route=%2Fwp%2Fv2%2Ftags&post=283"}],"curies":[{"name":"wp","href":"https:\/\/api.w.org\/{rel}","templated":true}]}}