{"id":286,"date":"2025-06-30T16:36:54","date_gmt":"2025-06-30T20:36:54","guid":{"rendered":"https:\/\/octavatarija.org\/?p=286"},"modified":"2025-07-29T15:53:07","modified_gmt":"2025-07-29T19:53:07","slug":"%f0%9f%8e%b6-como-la-musica-refleja-el-espiritu-de-cada-epoca","status":"publish","type":"post","link":"https:\/\/octavatarija.org\/?p=286","title":{"rendered":"\ud83c\udfb6 \u00bfC\u00f3mo la m\u00fasica refleja el esp\u00edritu de cada \u00e9poca?"},"content":{"rendered":"\n<p>A lo largo de la historia, la m\u00fasica ha sido mucho m\u00e1s que entretenimiento. Ha sido un espejo del alma colectiva, una forma de expresi\u00f3n que condensa las ideas, valores, estructuras sociales y emociones dominantes de cada momento. En cada \u00e9poca, la m\u00fasica no solo son\u00f3 distinto, sino que <strong>respondi\u00f3 a una visi\u00f3n particular del mundo<\/strong>.<\/p>\n\n\n\n<p>En este viaje por el tiempo, descubriremos c\u00f3mo cada per\u00edodo musical refleja su tiempo como si fuera una pintura sonora del pensamiento humano.<\/p>\n\n\n\n<hr class=\"wp-block-separator has-alpha-channel-opacity\"\/>\n\n\n\n<h3 class=\"wp-block-heading\">\ud83c\udfbc Edad Media (500\u20131400): Dios, orden y tradici\u00f3n<\/h3>\n\n\n\n<p>En la Europa medieval, el mundo giraba en torno a Dios. La Iglesia cat\u00f3lica era el centro del saber, el arte y la cultura. En una sociedad marcada por la fe, la m\u00fasica no ten\u00eda una funci\u00f3n art\u00edstica individual, sino espiritual y colectiva: <strong>elevar el alma hacia lo divino<\/strong>.<\/p>\n\n\n\n<p>La m\u00fasica m\u00e1s representativa era el <strong>canto gregoriano<\/strong>: una monodia (una sola l\u00ednea mel\u00f3dica), sin acompa\u00f1amiento instrumental, cantada en lat\u00edn por monjes. No ten\u00eda ritmo marcado ni variaciones expresivas, pues lo importante no era el ego del int\u00e9rprete, sino la <strong>humildad frente al orden eterno<\/strong>.<\/p>\n\n\n\n<p>El anonimato del compositor reflejaba tambi\u00e9n el ideal de servicio a Dios: la obra era para la gloria divina, no para la fama personal.<\/p>\n\n\n\n<hr class=\"wp-block-separator has-alpha-channel-opacity\"\/>\n\n\n\n<h3 class=\"wp-block-heading\">\ud83c\udfa8 Renacimiento (1400\u20131600): Humanismo, belleza y equilibrio<\/h3>\n\n\n\n<p>Con el Renacimiento lleg\u00f3 el redescubrimiento del ser humano. Inspirados por la filosof\u00eda cl\u00e1sica grecolatina, artistas y pensadores comenzaron a explorar la raz\u00f3n, la proporci\u00f3n, la ciencia y la belleza natural. La m\u00fasica tambi\u00e9n particip\u00f3 de esta renovaci\u00f3n.<\/p>\n\n\n\n<p>Ahora la melod\u00eda no estaba sola: surgi\u00f3 la <strong>polifon\u00eda<\/strong>, donde varias voces independientes conviv\u00edan en armon\u00eda. Se buscaba equilibrio, claridad, belleza matem\u00e1tica. Las emociones comenzaron a filtrarse en las obras, y se dio m\u00e1s importancia al <strong>texto y su expresi\u00f3n emocional<\/strong>.<\/p>\n\n\n\n<p>Compositores como <strong>Giovanni Pierluigi da Palestrina<\/strong> crearon obras sacras que, sin perder su espiritualidad, mostraban una elegancia arquitect\u00f3nica que parec\u00eda imitar las l\u00edneas perfectas de una catedral renacentista.<\/p>\n\n\n\n<hr class=\"wp-block-separator has-alpha-channel-opacity\"\/>\n\n\n\n<h3 class=\"wp-block-heading\">\ud83d\udc51 Barroco (1600\u20131750): Poder, contraste y emoci\u00f3n<\/h3>\n\n\n\n<p>El Barroco fue el tiempo del <strong>absolutismo, la teatralidad y el esplendor<\/strong>. Las cortes europeas compet\u00edan en lujo, y la m\u00fasica se convirti\u00f3 en una herramienta de poder y emoci\u00f3n. Tambi\u00e9n reflej\u00f3 la <strong>intensidad religiosa<\/strong>, tanto cat\u00f3lica como protestante.<\/p>\n\n\n\n<p>El arte barroco, en todos sus \u00e1mbitos, amaba los contrastes, las luces y sombras. La m\u00fasica no fue la excepci\u00f3n: surgi\u00f3 el <strong>bajo continuo<\/strong>, la armon\u00eda funcional, y se crearon formas nuevas como la <strong>\u00f3pera<\/strong> y la <strong>fuga<\/strong>.<\/p>\n\n\n\n<p>La m\u00fasica barroca es rica en ornamentos, pasi\u00f3n y dramatismo. <strong>Bach<\/strong>, <strong>Handel<\/strong>, <strong>Vivaldi<\/strong> y otros compositores convirtieron la emoci\u00f3n en arte sonoro. Sus obras reflejan un mundo en movimiento, donde la expresi\u00f3n individual empieza a abrirse paso\u2026 aunque a\u00fan dentro de estructuras fijas.<\/p>\n\n\n\n<hr class=\"wp-block-separator has-alpha-channel-opacity\"\/>\n\n\n\n<h3 class=\"wp-block-heading\">\u2696\ufe0f Clasicismo (1750\u20131820): Raz\u00f3n, claridad y forma<\/h3>\n\n\n\n<p>En el Siglo de las Luces, todo deb\u00eda tener l\u00f3gica. La raz\u00f3n humana era la medida de las cosas, y la m\u00fasica se convirti\u00f3 en un arte de la <strong>claridad, la forma y el equilibrio<\/strong>. Las composiciones eran casi como discursos musicales: con introducci\u00f3n, desarrollo y conclusi\u00f3n.<\/p>\n\n\n\n<p>Nacen estructuras como la <strong>sonata<\/strong> o la <strong>sinfon\u00eda<\/strong>, y se consolida la orquesta cl\u00e1sica. La m\u00fasica se libera del exclusivo control de la nobleza o la Iglesia y empieza a llegar a <strong>salas de conciertos p\u00fablicas<\/strong>.<\/p>\n\n\n\n<p><strong>Mozart<\/strong> representa esta \u00e9poca como ning\u00fan otro: sus obras combinan belleza mel\u00f3dica, perfecci\u00f3n formal y una profundidad emocional controlada. En sus sinfon\u00edas y \u00f3peras, todo parece estar en su lugar: ni demasiado, ni demasiado poco.<\/p>\n\n\n\n<hr class=\"wp-block-separator has-alpha-channel-opacity\"\/>\n\n\n\n<h3 class=\"wp-block-heading\">\u2764\ufe0f Romanticismo (1820\u20131900): Sentimiento, libertad y naci\u00f3n<\/h3>\n\n\n\n<p>La Revoluci\u00f3n Francesa, el auge del nacionalismo, la b\u00fasqueda del \u201cyo\u201d profundo\u2026 todo esto transform\u00f3 tambi\u00e9n la m\u00fasica. El Romanticismo es una explosi\u00f3n emocional. El artista se convierte en un <strong>individuo libre<\/strong>, que ya no quiere complacer a mecenas o reglas, sino expresar su verdad interna.<\/p>\n\n\n\n<p>Las obras se hacen m\u00e1s largas, m\u00e1s expresivas, m\u00e1s subjetivas. Se exploran emociones extremas: amor, dolor, melancol\u00eda, \u00e9xtasis, libertad. Aparecen las <strong>nacionalidades musicales<\/strong>: compositores que incluyen melod\u00edas folcl\u00f3ricas en sus obras, defendiendo la identidad cultural.<\/p>\n\n\n\n<p><strong>Beethoven<\/strong>, en su etapa tard\u00eda, fue puente entre clasicismo y romanticismo. Y luego vinieron <strong>Chopin<\/strong>, <strong>Schumann<\/strong>, <strong>Liszt<\/strong>, <strong>Brahms<\/strong>, <strong>Tchaikovsky<\/strong>, cada uno dejando su alma en el pentagrama.<\/p>\n\n\n\n<hr class=\"wp-block-separator has-alpha-channel-opacity\"\/>\n\n\n\n<h3 class=\"wp-block-heading\">\ud83e\udde0 La historia suena<\/h3>\n\n\n\n<p>La m\u00fasica es como un diario \u00edntimo colectivo. A trav\u00e9s de sus formas, instrumentos, estilos y emociones, podemos <strong>o\u00edr c\u00f3mo pensaban, sent\u00edan y so\u00f1aban las personas del pasado<\/strong>.<\/p>\n\n\n\n<p>Hoy, en la <strong>Fundaci\u00f3n Octava<\/strong>, honramos ese legado interpretando obras que no solo son joyas art\u00edsticas, sino tambi\u00e9n <strong>ecos vivos de la historia humana<\/strong>.<\/p>\n\n\n\n<hr class=\"wp-block-separator has-alpha-channel-opacity\"\/>\n","protected":false},"excerpt":{"rendered":"<p>A lo largo de la historia, la m\u00fasica ha sido mucho m\u00e1s que entretenimiento. Ha sido un espejo del alma colectiva, una forma de expresi\u00f3n que condensa las ideas, valores, estructuras sociales y emociones dominantes de cada momento. En cada \u00e9poca, la m\u00fasica no solo son\u00f3 distinto, sino que respondi\u00f3 a una visi\u00f3n particular del [&hellip;]<\/p>\n","protected":false},"author":1,"featured_media":287,"comment_status":"closed","ping_status":"open","sticky":false,"template":"","format":"standard","meta":{"pgc_sgb_lightbox_settings":"","footnotes":""},"categories":[6],"tags":[],"class_list":["post-286","post","type-post","status-publish","format-standard","has-post-thumbnail","hentry","category-blog"],"blocksy_meta":[],"_links":{"self":[{"href":"https:\/\/octavatarija.org\/index.php?rest_route=\/wp\/v2\/posts\/286","targetHints":{"allow":["GET"]}}],"collection":[{"href":"https:\/\/octavatarija.org\/index.php?rest_route=\/wp\/v2\/posts"}],"about":[{"href":"https:\/\/octavatarija.org\/index.php?rest_route=\/wp\/v2\/types\/post"}],"author":[{"embeddable":true,"href":"https:\/\/octavatarija.org\/index.php?rest_route=\/wp\/v2\/users\/1"}],"replies":[{"embeddable":true,"href":"https:\/\/octavatarija.org\/index.php?rest_route=%2Fwp%2Fv2%2Fcomments&post=286"}],"version-history":[{"count":2,"href":"https:\/\/octavatarija.org\/index.php?rest_route=\/wp\/v2\/posts\/286\/revisions"}],"predecessor-version":[{"id":306,"href":"https:\/\/octavatarija.org\/index.php?rest_route=\/wp\/v2\/posts\/286\/revisions\/306"}],"wp:featuredmedia":[{"embeddable":true,"href":"https:\/\/octavatarija.org\/index.php?rest_route=\/wp\/v2\/media\/287"}],"wp:attachment":[{"href":"https:\/\/octavatarija.org\/index.php?rest_route=%2Fwp%2Fv2%2Fmedia&parent=286"}],"wp:term":[{"taxonomy":"category","embeddable":true,"href":"https:\/\/octavatarija.org\/index.php?rest_route=%2Fwp%2Fv2%2Fcategories&post=286"},{"taxonomy":"post_tag","embeddable":true,"href":"https:\/\/octavatarija.org\/index.php?rest_route=%2Fwp%2Fv2%2Ftags&post=286"}],"curies":[{"name":"wp","href":"https:\/\/api.w.org\/{rel}","templated":true}]}}