{"id":356,"date":"2025-09-09T13:09:57","date_gmt":"2025-09-09T17:09:57","guid":{"rendered":"https:\/\/octavatarija.org\/?p=356"},"modified":"2025-09-09T13:45:23","modified_gmt":"2025-09-09T17:45:23","slug":"concierto-de-temporada-de-la-orquesta-academica-de-tarija","status":"publish","type":"post","link":"https:\/\/octavatarija.org\/?p=356","title":{"rendered":"Concierto de Temporada de la Orquesta Acad\u00e9mica de Tarija"},"content":{"rendered":"\n<p><strong>Casa de la Cultura, 8 de septiembre de 2025<\/strong><\/p>\n\n\n\n<p>El pasado <strong>8 de septiembre<\/strong>, la <strong>Casa de la Cultura de Tarija<\/strong> vibr\u00f3 con la energ\u00eda de m\u00e1s de un centenar de j\u00f3venes y ni\u00f1os m\u00fasicos que participaron en el <strong>Concierto de Temporada de la Orquesta Acad\u00e9mica de Tarija<\/strong>. La velada reuni\u00f3 en el escenario a la <strong>Orquesta Infantil<\/strong>, la <strong>Camerata<\/strong>, el <strong>Ensamble de Vientos<\/strong> y la propia <strong>Orquesta Acad\u00e9mica<\/strong>, bajo la direcci\u00f3n de los maestros <strong>Valentina Janco Aguirre<\/strong> y <strong>Laurent Astruc Paredes<\/strong>.<\/p>\n\n\n\n<p>Fue una noche de celebraci\u00f3n musical en la que el p\u00fablico disfrut\u00f3 de obras de grandes compositores universales como <strong>Antonio Vivaldi, Camille Saint-Sa\u00ebns, Edvard Grieg, L\u00e9o Delibes y Felix Mendelssohn<\/strong>, adem\u00e1s de un repertorio pensado para el crecimiento art\u00edstico de cada nivel orquestal.<\/p>\n\n\n\n<hr class=\"wp-block-separator has-alpha-channel-opacity\"\/>\n\n\n\n<h2 class=\"wp-block-heading\">\ud83c\udfb6 El Programa<\/h2>\n\n\n\n<h3 class=\"wp-block-heading\">Ensamble de Vientos \u2013 Direcci\u00f3n: Laurent Astruc Paredes<\/h3>\n\n\n\n<p>Interpretaron con elegancia la <strong>\u201cPetite Symphonie\u201d<\/strong> de Charles Gounod, destacando los movimientos <em>Adagio et Allegro<\/em> y <em>Andante cant\u00e1bile<\/em>.<\/p>\n\n\n\n<p><strong>Integrantes<\/strong>:<\/p>\n\n\n\n<ul class=\"wp-block-list\">\n<li><strong>Flauta traversa<\/strong>: Melina Garnica, Sebasti\u00e1n Molina<\/li>\n\n\n\n<li><strong>Clarinete<\/strong>: Elisa Garnica<\/li>\n\n\n\n<li><strong>Fagot<\/strong>: Desiree Quinteros, Nicol\u00e1s Condori<\/li>\n\n\n\n<li><strong>Corno franc\u00e9s<\/strong>: Aar\u00f3n Arce, Fernanda Torrej\u00f3n<\/li>\n<\/ul>\n\n\n\n<hr class=\"wp-block-separator has-alpha-channel-opacity\"\/>\n\n\n\n<h3 class=\"wp-block-heading\">Orquesta Infantil \u2013 Direcci\u00f3n: Valentina Janco Aguirre<\/h3>\n\n\n\n<p>Con frescura y entusiasmo, los m\u00e1s peque\u00f1os ofrecieron un repertorio que incluy\u00f3:<\/p>\n\n\n\n<ul class=\"wp-block-list\">\n<li><em>Melod\u00eda<\/em> \u2013 Albert Biehl<\/li>\n\n\n\n<li><em>Vals de Primavera<\/em> \u2013 Franz Behr<\/li>\n\n\n\n<li><em>Marcha de Escipi\u00f3n<\/em> \u2013 Georg Friedrich H\u00e4ndel<\/li>\n\n\n\n<li><em>Gavotte<\/em> \u2013 Bob Phillips (arr.)<\/li>\n\n\n\n<li><em>Dragon Slayer<\/em> \u2013 Newbold<\/li>\n\n\n\n<li><em>Dragon Hunter<\/em> \u2013 Newbold<\/li>\n\n\n\n<li><em>Sinfon\u00eda Miniatura<\/em> \u2013 Richard Meyer<\/li>\n<\/ul>\n\n\n\n<p><strong>Integrantes<\/strong>:<\/p>\n\n\n\n<ul class=\"wp-block-list\">\n<li><strong>Flauta traversa<\/strong>: Natalia Areco, Martina Doria Medina, Mateo Sosa<\/li>\n\n\n\n<li><strong>Clarinete<\/strong>: Efra\u00edn Garnica<\/li>\n\n\n\n<li><strong>Contrabajo<\/strong>: Miguel Delgadillo<\/li>\n\n\n\n<li><strong>Trompeta<\/strong>: Anton Kiechle, Sof\u00eda Chambi, Escarlet Garnica, Lucas Llanos, Estefani Chambi, Nicol\u00e1s Benavides<\/li>\n\n\n\n<li><strong>Viol\u00edn I<\/strong>: Mayumi Kiechle, Natalia Barrios, Alejandra Morales, Alejandro Castillo, Thais Amette, Leandro Caz\u00f3n, Sebasti\u00e1n Zamora, Ainara Rodr\u00edguez, Evangelina Ram\u00edrez, Benjam\u00edn Angelo<\/li>\n\n\n\n<li><strong>Viol\u00edn II<\/strong>: Clarisse Acebo, Daniela Solano, Jerem\u00edas Mart\u00ednez, Adriana Aruquipa, Victoria Barrios, Martina Cortez, Mois\u00e9s Arce, Sarah Garc\u00eda, Mateo Castillo, Emily Baldiviezo<\/li>\n<\/ul>\n\n\n\n<hr class=\"wp-block-separator has-alpha-channel-opacity\"\/>\n\n\n\n<h3 class=\"wp-block-heading\">Orquesta Camerata \u2013 Direcci\u00f3n: Valentina Janco Aguirre<\/h3>\n\n\n\n<p>La Camerata brill\u00f3 con una interpretaci\u00f3n vibrante de <strong>\u201cLas Cuatro Estaciones\u201d<\/strong> de Antonio Vivaldi. Cada movimiento cont\u00f3 con solistas destacados:<\/p>\n\n\n\n<ul class=\"wp-block-list\">\n<li><em>Primavera (Allegro)<\/em> \u2013 Solista: Karen Quinteros<\/li>\n\n\n\n<li><em>Verano (Allegro non molto)<\/em> \u2013 Solista: Ariana P\u00e9rez<\/li>\n\n\n\n<li><em>Oto\u00f1o (Allegro)<\/em> \u2013 Solista: Julieta Ch\u00e1vez<\/li>\n\n\n\n<li><em>Invierno (Allegro non molto)<\/em> \u2013 Solista: Karen Quinteros<\/li>\n<\/ul>\n\n\n\n<p><strong>Integrantes<\/strong>:<\/p>\n\n\n\n<ul class=\"wp-block-list\">\n<li><strong>Viol\u00edn I<\/strong>: Ariana P\u00e9rez, Karen Quinteros, Julieta Ch\u00e1vez, Mikaela Mar\u00edn (*), David Gudi\u00f1o, Mario Blacutt<\/li>\n\n\n\n<li><strong>Viol\u00edn II<\/strong>: Oriana V\u00e1squez, Benjam\u00edn P\u00e9rez, Adri\u00e1n Blacutt, Amelia Flores (<em>), Celeste Rojas (<\/em>), Isabel Justiniano (*), Valentina Janco<\/li>\n\n\n\n<li><strong>Viola<\/strong>: Loyda Mart\u00ednez (<em>), Ilana Quisbert, Luis Nava, Santiago Delgadillo (<\/em>)<\/li>\n\n\n\n<li><strong>Violonchelo<\/strong>: Paola Ca\u00f1izares, Sof\u00eda Baspineiro<\/li>\n\n\n\n<li><strong>Contrabajo<\/strong>: Florencia Delgadillo (<em>), Carlos Pecas (<\/em>)<\/li>\n<\/ul>\n\n\n\n<p>(*) Integrantes de la Orquesta Acad\u00e9mica<\/p>\n\n\n\n<hr class=\"wp-block-separator has-alpha-channel-opacity\"\/>\n\n\n\n<h3 class=\"wp-block-heading\">Orquesta Acad\u00e9mica \u2013 Direcci\u00f3n: Laurent Astruc Paredes<\/h3>\n\n\n\n<p>El gran cierre de la velada estuvo a cargo de la <strong>Orquesta Acad\u00e9mica de Tarija<\/strong>, que interpret\u00f3 un repertorio majestuoso:<\/p>\n\n\n\n<ul class=\"wp-block-list\">\n<li><em>Marcha de los Sacerdotes<\/em> \u2013 Felix Mendelssohn<\/li>\n\n\n\n<li><em>El Carnaval de los Animales: Marcha Real del Le\u00f3n<\/em> \u2013 Camille Saint-Sa\u00ebns<\/li>\n\n\n\n<li><em>D\u00fao de las Flores<\/em> (\u00f3pera Lakm\u00e9) \u2013 L\u00e9o Delibes<\/li>\n\n\n\n<li><em>Peer Gynt: La Ma\u00f1ana \/ En la gruta del rey de la monta\u00f1a<\/em> \u2013 Edvard Grieg<\/li>\n<\/ul>\n\n\n\n<p><strong>Integrantes<\/strong>:<\/p>\n\n\n\n<ul class=\"wp-block-list\">\n<li><strong>Flauta traversa<\/strong>: Melina Garnica, Yaretzy Borjas, Sara Gudi\u00f1o, Martina Moreno<\/li>\n\n\n\n<li><strong>Oboe<\/strong>: Alexis Siles<\/li>\n\n\n\n<li><strong>Clarinete<\/strong>: Elisa Garnica<\/li>\n\n\n\n<li><strong>Fagot<\/strong>: Felipe Delgadillo, Desiree Quinteros, Nicol\u00e1s Condori<\/li>\n\n\n\n<li><strong>Corno franc\u00e9s<\/strong>: Aar\u00f3n Arce, Fernanda Torrej\u00f3n, Hebe Coria, Carlos Garnica<\/li>\n\n\n\n<li><strong>Tromb\u00f3n<\/strong>: Lucas Doria Medina, Jes\u00fas Soliz<\/li>\n\n\n\n<li><strong>Trompeta<\/strong>: Mat\u00edas Bulegio, Thiago Doria Medina<\/li>\n\n\n\n<li><strong>Percusi\u00f3n<\/strong>: Andr\u00e9s Flores<\/li>\n\n\n\n<li><strong>Viol\u00edn I<\/strong>: Julieta Ch\u00e1vez, Mikaela Mar\u00edn, Isabel Justiniano, Oriana V\u00e1squez, Karen Quinteros, Benjam\u00edn P\u00e9rez, Celeste Rojas, Ariana P\u00e9rez, Agust\u00edn S\u00e1nchez, Amelia Flores, Adri\u00e1n Blacutt, Mario Blacutt, David Gudi\u00f1o<\/li>\n\n\n\n<li><strong>Viol\u00edn II<\/strong>: Arianne Hoyos, Max S\u00e1nchez, Layla Bulegio, Mateo S\u00e1nchez, Valentina Tohara, Elena G\u00f3mez, Carla Gonzales, \u00c1ngela Vergara, Pablo Casazola, Rodrigo Cruz, Michael Serrano<\/li>\n\n\n\n<li><strong>Viola<\/strong>: Loyda Mart\u00ednez, Florencia Delgadillo, Ilana Quisbert, Santiago Delgadillo, Luis Nava, Mart\u00edn Casazola<\/li>\n\n\n\n<li><strong>Violonchelo<\/strong>: Mariana Justiniano, Paola Ca\u00f1izares, Luciana Paz, Nicol\u00e1s Gonzales, Sof\u00eda Baspineiro, Valeria Sandoval, Emilia Torrej\u00f3n, Luciana Mart\u00ednez, Gloria Bulegio, Valeria Lazcano<\/li>\n\n\n\n<li><strong>Contrabajo<\/strong>: Carlos Pecas<\/li>\n<\/ul>\n\n\n\n<hr class=\"wp-block-separator has-alpha-channel-opacity\"\/>\n\n\n\n<h2 class=\"wp-block-heading\">\ud83d\udc69\u200d\ud83c\udfeb Profesores formadores<\/h2>\n\n\n\n<p>Un papel fundamental en el desarrollo de los j\u00f3venes m\u00fasicos corresponde al equipo docente, que acompa\u00f1a, gu\u00eda y motiva a cada integrante en su proceso formativo. En esta temporada, se cont\u00f3 con la destacada labor de los profesores:<\/p>\n\n\n\n<ul class=\"wp-block-list\">\n<li><strong>Laurent Astruc Paredes<\/strong><\/li>\n\n\n\n<li><strong>Valentina Janco Aguirre<\/strong><\/li>\n\n\n\n<li><strong>Alejandra Mendieta<\/strong><\/li>\n\n\n\n<li><strong>Luis Aldana<\/strong><\/li>\n\n\n\n<li><strong>Martina Moreno<\/strong><\/li>\n\n\n\n<li><strong>Valeria Lazcano<\/strong><\/li>\n<\/ul>\n\n\n\n<p>Su dedicaci\u00f3n y compromiso han sido claves para que los ensayos y presentaciones alcancen un nivel art\u00edstico cada vez m\u00e1s alto.<\/p>\n\n\n\n<hr class=\"wp-block-separator has-alpha-channel-opacity\"\/>\n\n\n\n<h2 class=\"wp-block-heading\">\ud83c\udfad Una noche inolvidable<\/h2>\n\n\n\n<p>El p\u00fablico colm\u00f3 la sala de la <strong>Casa de la Cultura<\/strong> y acompa\u00f1\u00f3 cada interpretaci\u00f3n con gran entusiasmo, cerrando la velada con una ovaci\u00f3n de pie para los j\u00f3venes int\u00e9rpretes, sus directores y profesores.<\/p>\n\n\n\n<hr class=\"wp-block-separator has-alpha-channel-opacity\"\/>\n\n\n\n<h2 class=\"wp-block-heading\">\ud83d\ude4f Agradecimientos<\/h2>\n\n\n\n<p>La realizaci\u00f3n de este concierto fue posible gracias al apoyo invaluable de instituciones que creen en el talento de la juventud tarije\u00f1a:<\/p>\n\n\n\n<ul class=\"wp-block-list\">\n<li><strong>Fundaci\u00f3n Bravura<\/strong><\/li>\n\n\n\n<li><strong>Hilti Foundation<\/strong><\/li>\n\n\n\n<li><strong>Iberacademy<\/strong><\/li>\n\n\n\n<li><strong>Baham Promotion<\/strong><\/li>\n\n\n\n<li><strong>Russ-Tico Travel<\/strong><\/li>\n<\/ul>\n\n\n\n<p>Su respaldo ha permitido que los m\u00fasicos de Tarija accedan a formaci\u00f3n de calidad, experiencias internacionales y escenarios donde mostrar su arte.<\/p>\n\n\n\n<hr class=\"wp-block-separator has-alpha-channel-opacity\"\/>\n\n\n\n<h2 class=\"wp-block-heading\">\u2728 M\u00e1s que un concierto<\/h2>\n\n\n\n<p>El <strong>Concierto de Temporada 2025<\/strong> fue una verdadera celebraci\u00f3n cultural que uni\u00f3 generaciones de m\u00fasicos y emocion\u00f3 a toda la comunidad. Tarija reafirma, una vez m\u00e1s, que su juventud tiene un inmenso futuro en la m\u00fasica sinf\u00f3nica.<\/p>\n\n\n\n<hr class=\"wp-block-separator has-alpha-channel-opacity\"\/>\n\n\n\n<figure class=\"wp-block-gallery has-nested-images columns-default is-cropped wp-block-gallery-1 is-layout-flex wp-block-gallery-is-layout-flex\">\n<figure class=\"wp-block-image size-large\"><img loading=\"lazy\" decoding=\"async\" width=\"1280\" height=\"720\" data-id=\"361\" src=\"https:\/\/octavatarija.org\/wp-content\/uploads\/2025\/09\/photo_2025-09-09_12-40-11-1.jpg\" alt=\"\" class=\"wp-image-361\"\/><\/figure>\n\n\n\n<figure class=\"wp-block-image size-large\"><img loading=\"lazy\" decoding=\"async\" width=\"1280\" height=\"577\" data-id=\"362\" src=\"https:\/\/octavatarija.org\/wp-content\/uploads\/2025\/09\/photo_2025-09-09_12-40-15-1.jpg\" alt=\"\" class=\"wp-image-362\"\/><\/figure>\n\n\n\n<figure class=\"wp-block-image size-large\"><img loading=\"lazy\" decoding=\"async\" width=\"1280\" height=\"720\" data-id=\"363\" src=\"https:\/\/octavatarija.org\/wp-content\/uploads\/2025\/09\/photo_2025-09-09_12-40-16-3.jpg\" alt=\"\" class=\"wp-image-363\"\/><\/figure>\n\n\n\n<figure class=\"wp-block-image size-large\"><img loading=\"lazy\" decoding=\"async\" width=\"1280\" height=\"577\" data-id=\"364\" src=\"https:\/\/octavatarija.org\/wp-content\/uploads\/2025\/09\/photo_2025-09-09_12-40-16-1.jpg\" alt=\"\" class=\"wp-image-364\"\/><\/figure>\n\n\n\n<figure class=\"wp-block-image size-large\"><img loading=\"lazy\" decoding=\"async\" width=\"1280\" height=\"720\" data-id=\"365\" src=\"https:\/\/octavatarija.org\/wp-content\/uploads\/2025\/09\/photo_2025-09-09_13-05-48-2.jpg\" alt=\"\" class=\"wp-image-365\"\/><\/figure>\n\n\n\n<figure class=\"wp-block-image size-large\"><img loading=\"lazy\" decoding=\"async\" width=\"1280\" height=\"720\" data-id=\"366\" src=\"https:\/\/octavatarija.org\/wp-content\/uploads\/2025\/09\/photo_2025-09-09_13-05-48.jpg\" alt=\"\" class=\"wp-image-366\"\/><\/figure>\n\n\n\n<figure class=\"wp-block-image size-large\"><img loading=\"lazy\" decoding=\"async\" width=\"1280\" height=\"577\" data-id=\"367\" src=\"https:\/\/octavatarija.org\/wp-content\/uploads\/2025\/09\/photo_2025-09-09_13-05-49.jpg\" alt=\"\" class=\"wp-image-367\"\/><\/figure>\n<\/figure>\n","protected":false},"excerpt":{"rendered":"<p>Casa de la Cultura, 8 de septiembre de 2025 El pasado 8 de septiembre, la Casa de la Cultura de Tarija vibr\u00f3 con la energ\u00eda de m\u00e1s de un centenar de j\u00f3venes y ni\u00f1os m\u00fasicos que participaron en el Concierto de Temporada de la Orquesta Acad\u00e9mica de Tarija. La velada reuni\u00f3 en el escenario a [&hellip;]<\/p>\n","protected":false},"author":1,"featured_media":367,"comment_status":"closed","ping_status":"open","sticky":false,"template":"","format":"standard","meta":{"pgc_sgb_lightbox_settings":"","footnotes":""},"categories":[6],"tags":[],"class_list":["post-356","post","type-post","status-publish","format-standard","has-post-thumbnail","hentry","category-blog"],"blocksy_meta":[],"_links":{"self":[{"href":"https:\/\/octavatarija.org\/index.php?rest_route=\/wp\/v2\/posts\/356","targetHints":{"allow":["GET"]}}],"collection":[{"href":"https:\/\/octavatarija.org\/index.php?rest_route=\/wp\/v2\/posts"}],"about":[{"href":"https:\/\/octavatarija.org\/index.php?rest_route=\/wp\/v2\/types\/post"}],"author":[{"embeddable":true,"href":"https:\/\/octavatarija.org\/index.php?rest_route=\/wp\/v2\/users\/1"}],"replies":[{"embeddable":true,"href":"https:\/\/octavatarija.org\/index.php?rest_route=%2Fwp%2Fv2%2Fcomments&post=356"}],"version-history":[{"count":2,"href":"https:\/\/octavatarija.org\/index.php?rest_route=\/wp\/v2\/posts\/356\/revisions"}],"predecessor-version":[{"id":370,"href":"https:\/\/octavatarija.org\/index.php?rest_route=\/wp\/v2\/posts\/356\/revisions\/370"}],"wp:featuredmedia":[{"embeddable":true,"href":"https:\/\/octavatarija.org\/index.php?rest_route=\/wp\/v2\/media\/367"}],"wp:attachment":[{"href":"https:\/\/octavatarija.org\/index.php?rest_route=%2Fwp%2Fv2%2Fmedia&parent=356"}],"wp:term":[{"taxonomy":"category","embeddable":true,"href":"https:\/\/octavatarija.org\/index.php?rest_route=%2Fwp%2Fv2%2Fcategories&post=356"},{"taxonomy":"post_tag","embeddable":true,"href":"https:\/\/octavatarija.org\/index.php?rest_route=%2Fwp%2Fv2%2Ftags&post=356"}],"curies":[{"name":"wp","href":"https:\/\/api.w.org\/{rel}","templated":true}]}}