{"id":431,"date":"2025-11-12T11:10:53","date_gmt":"2025-11-12T15:10:53","guid":{"rendered":"https:\/\/octavatarija.org\/?p=431"},"modified":"2025-11-28T10:33:38","modified_gmt":"2025-11-28T14:33:38","slug":"encuentro-binacional-de-las-orquestas-academicas-tarija-salta","status":"publish","type":"post","link":"https:\/\/octavatarija.org\/?p=431","title":{"rendered":"Encuentro Binacional de las Orquestas Acad\u00e9micas Tarija\/ Salta"},"content":{"rendered":"\n<p>El pr\u00f3ximo 23 de noviembre, la ciudad de Tarija, Bolivia, ser\u00e1 testigo de un emotivo encuentro musical que celebra la juventud, el talento y la cultura: el Encuentro Binacional de las Orquestas Acad\u00e9micas Tarija \/ Salta 2025.<\/p>\n\n\n\n<p>Durante este evento, los m\u00fasicos de la Orquesta Acad\u00e9mica de Tarija (Fundaci\u00f3n Musical Octava) y la Orquesta Acad\u00e9mica de Salta (OAS) compartir\u00e1n escenario en el restaurante El Marqu\u00e9s, interpretando un repertorio que combina lo cl\u00e1sico y lo latinoamericano:<\/p>\n\n\n\n<p>\ud835\udc76\ud835\udc93\ud835\udc92\ud835\udc96\ud835\udc86\ud835\udc94\ud835\udc95\ud835\udc82 \ud835\udc68\ud835\udc84\ud835\udc82\ud835\udc85\ud835\udc86\ud835\udc8e\ud835\udc8a\ud835\udc84\ud835\udc82 \ud835\udc85\ud835\udc86 \ud835\udc7a\ud835\udc82\ud835\udc8d\ud835\udc95\ud835\udc82<\/p>\n\n\n\n<p>-\u201cFuga con Pajarillo\u00bb &#8211; ROMERO, Aldemaro<br>-\u00abLa muerte del \u00e1ngel\u00bb &#8211; PIAZZOLLA, Astor<br>-\u00abMelod\u00eda en La\u00bb &#8211; PIAZZOLLA, Astor<br>-\u201dLa arenosa\u00bb &#8211; LEGUIZAMON, Gustavo<br>-\u00abJuan del monte\u00bb &#8211; LEGUIZAMON, Gustavo<br>-\u00abZamba del silbador\u00bb &#8211; LEGUIZAMON, Gustavo<br>\ud835\udc6b\ud835\udc8a\ud835\udc93\ud835\udc86\ud835\udc84\ud835\udc95\ud835\udc90\ud835\udc93 \ud835\udc73\ud835\udc96\ud835\udc8a\ud835\udc94 \ud835\udc69\ud835\udc86\ud835\udc8f\ud835\udc82\ud835\udc97\ud835\udc8a\ud835\udc85\ud835\udc86\ud835\udc94<\/p>\n\n\n\n<p>\ud835\udc76\ud835\udc93\ud835\udc92\ud835\udc96\ud835\udc86\ud835\udc94\ud835\udc95\ud835\udc82 \ud835\udc68\ud835\udc84\ud835\udc82\ud835\udc85\ud835\udc86\ud835\udc8e\ud835\udc8a\ud835\udc84\ud835\udc82 \ud835\udc85\ud835\udc86 \ud835\udc7b\ud835\udc82\ud835\udc93\ud835\udc8a\ud835\udc8b\ud835\udc82<\/p>\n\n\n\n<p>-Primavera (1er mov) &#8211; Vivaldi | Solista: David Gudi\u00f1o<\/p>\n\n\n\n<p>-Verano (1er mov) &#8211; Vivaldi | Solista: Ariana P\u00e9rez<\/p>\n\n\n\n<p>-Oto\u00f1o (1er mov) &#8211; Vivaldi | Solista: Julieta Ch\u00e1vez<\/p>\n\n\n\n<p>-Invierno (1er mov) &#8211; Vivaldi | Solista: Karen Quinteros<\/p>\n\n\n\n<p>\ud835\udc6b\ud835\udc8a\ud835\udc93\ud835\udc86\ud835\udc84\ud835\udc95\ud835\udc90\ud835\udc93\ud835\udc82 \ud835\udc7d\ud835\udc82\ud835\udc8d\ud835\udc86\ud835\udc8f\ud835\udc95\ud835\udc8a\ud835\udc8f\ud835\udc82 \ud835\udc71\ud835\udc82\ud835\udc8f\ud835\udc84\ud835\udc90<\/p>\n\n\n\n<p>\ud835\udc76\ud835\udc93\ud835\udc92\ud835\udc96\ud835\udc86\ud835\udc94\ud835\udc95\ud835\udc82 \ud835\udc68\ud835\udc84\ud835\udc82\ud835\udc85\ud835\udc86\ud835\udc8e\ud835\udc8a\ud835\udc84\ud835\udc82 \ud835\udc85\ud835\udc86 \ud835\udc7a\ud835\udc82\ud835\udc8d\ud835\udc95\ud835\udc82 \ud835\udc9a \ud835\udc76\ud835\udc93\ud835\udc92\ud835\udc96\ud835\udc86\ud835\udc94\ud835\udc95\ud835\udc82 \ud835\udc68\ud835\udc84\ud835\udc82\ud835\udc85\ud835\udc86\ud835\udc8e\ud835\udc8a\ud835\udc84\ud835\udc82 \ud835\udc85\ud835\udc86 \ud835\udc7b\ud835\udc82\ud835\udc93\ud835\udc8a\ud835\udc8b\ud835\udc82<\/p>\n\n\n\n<p>-Tres miniaturas norte\u00f1as<br>-Repertorio Tarije\u00f1o<\/p>\n\n\n\n<p>Este encuentro tiene como objetivo fomentar el intercambio cultural y musical entre j\u00f3venes int\u00e9rpretes del norte argentino y del sur boliviano, fortaleciendo los lazos entre ambas regiones a trav\u00e9s de la pr\u00e1ctica orquestal, la convivencia art\u00edstica y la pasi\u00f3n compartida por la m\u00fasica.<\/p>\n\n\n\n<p>No se queden sin su entrada:<\/p>\n\n\n\n<p>Valor: 30 Bs. y 45 Bs.<\/p>\n\n\n\n<p>Para adquirirlas, comunicarse al tel\u00e9fono:<\/p>\n\n\n\n<p>(+591) 6874-3866<\/p>\n\n\n\n<p>Organiza: BaHaM Promotion<\/p>\n\n\n\n<p>Patrocinan: Russ-Tico Travel | Fundaci\u00f3n Bravura | Vivo | Hilti Foundation | Iberacademy | El Marqu\u00e9s<\/p>\n\n\n\n<p>\u00a1Acomp\u00e1\u00f1anos y vive una experiencia musical que une fronteras y corazones!<\/p>\n\n\n\n<figure class=\"wp-block-image aligncenter size-full\"><img loading=\"lazy\" decoding=\"async\" width=\"1639\" height=\"2048\" src=\"http:\/\/octavatarija.org\/wp-content\/uploads\/2025\/11\/577028052_1187966020145676_5056246951232271787_n.jpg\" alt=\"\" class=\"wp-image-432\"\/><\/figure>\n","protected":false},"excerpt":{"rendered":"<p>El pr\u00f3ximo 23 de noviembre, la ciudad de Tarija, Bolivia, ser\u00e1 testigo de un emotivo encuentro musical que celebra la juventud, el talento y la cultura: el Encuentro Binacional de las Orquestas Acad\u00e9micas Tarija \/ Salta 2025. Durante este evento, los m\u00fasicos de la Orquesta Acad\u00e9mica de Tarija (Fundaci\u00f3n Musical Octava) y la Orquesta Acad\u00e9mica [&hellip;]<\/p>\n","protected":false},"author":1,"featured_media":432,"comment_status":"closed","ping_status":"open","sticky":false,"template":"","format":"standard","meta":{"pgc_sgb_lightbox_settings":"","footnotes":""},"categories":[8],"tags":[],"class_list":["post-431","post","type-post","status-publish","format-standard","has-post-thumbnail","hentry","category-eventos-pasados"],"blocksy_meta":[],"_links":{"self":[{"href":"https:\/\/octavatarija.org\/index.php?rest_route=\/wp\/v2\/posts\/431","targetHints":{"allow":["GET"]}}],"collection":[{"href":"https:\/\/octavatarija.org\/index.php?rest_route=\/wp\/v2\/posts"}],"about":[{"href":"https:\/\/octavatarija.org\/index.php?rest_route=\/wp\/v2\/types\/post"}],"author":[{"embeddable":true,"href":"https:\/\/octavatarija.org\/index.php?rest_route=\/wp\/v2\/users\/1"}],"replies":[{"embeddable":true,"href":"https:\/\/octavatarija.org\/index.php?rest_route=%2Fwp%2Fv2%2Fcomments&post=431"}],"version-history":[{"count":1,"href":"https:\/\/octavatarija.org\/index.php?rest_route=\/wp\/v2\/posts\/431\/revisions"}],"predecessor-version":[{"id":433,"href":"https:\/\/octavatarija.org\/index.php?rest_route=\/wp\/v2\/posts\/431\/revisions\/433"}],"wp:featuredmedia":[{"embeddable":true,"href":"https:\/\/octavatarija.org\/index.php?rest_route=\/wp\/v2\/media\/432"}],"wp:attachment":[{"href":"https:\/\/octavatarija.org\/index.php?rest_route=%2Fwp%2Fv2%2Fmedia&parent=431"}],"wp:term":[{"taxonomy":"category","embeddable":true,"href":"https:\/\/octavatarija.org\/index.php?rest_route=%2Fwp%2Fv2%2Fcategories&post=431"},{"taxonomy":"post_tag","embeddable":true,"href":"https:\/\/octavatarija.org\/index.php?rest_route=%2Fwp%2Fv2%2Ftags&post=431"}],"curies":[{"name":"wp","href":"https:\/\/api.w.org\/{rel}","templated":true}]}}